{"id":976,"date":"2024-06-04T12:52:38","date_gmt":"2024-06-04T09:52:38","guid":{"rendered":"https:\/\/veteriner.cc\/?p=976"},"modified":"2024-06-06T12:18:13","modified_gmt":"2024-06-06T09:18:13","slug":"boer-kecisi-boer-capri","status":"publish","type":"post","link":"https:\/\/veteriner.cc\/?p=976","title":{"rendered":"BOER KE\u00c7\u0130S\u0130 (BOER CAPRI)"},"content":{"rendered":"<div class=\"wp-block-image\">\n<figure class=\"aligncenter size-full is-resized\"><a href=\"https:\/\/veteriner.cc\/wp-content\/uploads\/2024\/06\/South-Africa.png\"><img loading=\"lazy\" decoding=\"async\" width=\"256\" height=\"256\" src=\"https:\/\/veteriner.cc\/wp-content\/uploads\/2024\/06\/South-Africa.png\" alt=\"\" class=\"wp-image-977\" style=\"width:80px;height:auto\" srcset=\"https:\/\/veteriner.cc\/wp-content\/uploads\/2024\/06\/South-Africa.png 256w, https:\/\/veteriner.cc\/wp-content\/uploads\/2024\/06\/South-Africa-150x150.png 150w\" sizes=\"auto, (max-width: 256px) 100vw, 256px\" \/><\/a><\/figure>\n<\/div>\n\n\n<p>   1900 y\u0131llar\u0131nda G\u00fcney Afrika&#8217;da Namaqua ve Fooku halk\u0131 taraf\u0131ndan Hindistan ve Avrupa ke\u00e7i \u0131rklar\u0131 ile melezleme sonucu elde edildi\u011fi san\u0131lmaktad\u0131r. D\u00fcnyan\u0131n bir\u00e7ok yerinde en sevilen et\u00e7il ke\u00e7i \u0131rk\u0131d\u0131r. Bu ke\u00e7i \u0131rk\u0131 ilk zamanlar Yeni Zelanda \u00fczerinden ihra\u00e7 ediliyordu. Daha sonralar\u0131 G\u00fcney Afrika&#8217;dan ihra\u00e7 edilmi\u015ftir.<\/p>\n\n\n<div class=\"wp-block-image\">\n<figure class=\"aligncenter size-full\"><a href=\"https:\/\/veteriner.cc\/wp-content\/uploads\/2024\/06\/boer9.jpg\"><img loading=\"lazy\" decoding=\"async\" width=\"500\" height=\"333\" src=\"https:\/\/veteriner.cc\/wp-content\/uploads\/2024\/06\/boer9.jpg\" alt=\"\" class=\"wp-image-978\" srcset=\"https:\/\/veteriner.cc\/wp-content\/uploads\/2024\/06\/boer9.jpg 500w, https:\/\/veteriner.cc\/wp-content\/uploads\/2024\/06\/boer9-300x200.jpg 300w\" sizes=\"auto, (max-width: 500px) 100vw, 500px\" \/><\/a><\/figure>\n<\/div>\n\n\n<p>   Et\u00e7il ke\u00e7i \u0131rklar\u0131 do\u011fa&#8217;da bak\u0131m\u0131 en az zahmetli hayvanlard\u0131r. Bu bol merada daha iyi anla\u015f\u0131l\u0131r. Dikkat edilmesi gereken olay yetirince Bak\u0131r alabilmeleridir. Bu do\u011fru ve sa\u011fl\u0131kl\u0131 ke\u00e7i yeti\u015ftiricili\u011fi i\u00e7in gereklidir. Yeterince bak\u0131r alamazsa anemi (Kans\u0131zl\u0131k), ishal, d\u00f6l verim \u00f6zelli\u011finde azalma, abort (D\u00fc\u015f\u00fck yapma), Lethargy (Kas uyu\u015fuklu\u011fu) sebep olur. Ke\u00e7i yeti\u015ftiricili\u011finde haz\u0131r yem ve mineral destekli \u00f6zel yap\u0131m katk\u0131l\u0131 g\u0131dalardan uzak durulmal\u0131d\u0131r.<\/p>\n\n\n<div class=\"wp-block-image\">\n<figure class=\"aligncenter size-full is-resized\"><a href=\"https:\/\/veteriner.cc\/wp-content\/uploads\/2024\/06\/boer4.jpg\"><img loading=\"lazy\" decoding=\"async\" width=\"500\" height=\"728\" src=\"https:\/\/veteriner.cc\/wp-content\/uploads\/2024\/06\/boer4.jpg\" alt=\"\" class=\"wp-image-979\" style=\"width:270px;height:auto\" srcset=\"https:\/\/veteriner.cc\/wp-content\/uploads\/2024\/06\/boer4.jpg 500w, https:\/\/veteriner.cc\/wp-content\/uploads\/2024\/06\/boer4-206x300.jpg 206w\" sizes=\"auto, (max-width: 500px) 100vw, 500px\" \/><\/a><\/figure>\n<\/div>\n\n\n<p><strong>G\u00f6r\u00fcn\u00fcm \u00d6zellikleri:<\/strong><\/p>\n\n\n\n<ul class=\"wp-block-list\">\n<li>Ba\u015f ve boyun kahverengi, y\u00fczde beyaz akma, v\u00fccut beyaz renktedir.<\/li>\n\n\n\n<li>Erkek ve di\u015fileri boynuzludur.<\/li>\n\n\n\n<li>Uzun sark\u0131k kulaklar.<\/li>\n\n\n\n<li>Kurak ve yar\u0131 \u00e7\u00f6l b\u00f6lgelerine ola\u011fan \u00fcst\u00fc dayan\u0131kl\u0131d\u0131r.<\/li>\n\n\n\n<li>Hastal\u0131klara kar\u015f\u0131 dayan\u0131kl\u0131d\u0131r.<\/li>\n\n\n\n<li>H\u0131zl\u0131 geli\u015fim \u00f6zelli\u011fi<\/li>\n\n\n\n<li>Y\u00fcksek kalitede karkas rand\u0131man\u0131<\/li>\n\n\n\n<li>Y\u00fcksek d\u00f6l verim \u00f6zelli\u011fi<\/li>\n\n\n\n<li>\u0130kizlik oran\u0131 y\u00fcksektir.<\/li>\n\n\n\n<li>Annelik i\u00e7 g\u00fcd\u00fcs\u00fc iyidir. (\u0130lk do\u011fumunda dikkatli olunmal\u0131d\u0131r.)<\/li>\n<\/ul>\n\n\n<div class=\"wp-block-image\">\n<figure class=\"aligncenter size-full is-resized\"><a href=\"https:\/\/veteriner.cc\/wp-content\/uploads\/2024\/06\/boer.jpg\"><img loading=\"lazy\" decoding=\"async\" width=\"500\" height=\"546\" src=\"https:\/\/veteriner.cc\/wp-content\/uploads\/2024\/06\/boer.jpg\" alt=\"\" class=\"wp-image-980\" style=\"width:324px;height:auto\" srcset=\"https:\/\/veteriner.cc\/wp-content\/uploads\/2024\/06\/boer.jpg 500w, https:\/\/veteriner.cc\/wp-content\/uploads\/2024\/06\/boer-275x300.jpg 275w\" sizes=\"auto, (max-width: 500px) 100vw, 500px\" \/><\/a><\/figure>\n<\/div>\n\n\n<p><strong>Verim \u00d6zellikleri:<\/strong><\/p>\n\n\n\n<ul class=\"wp-block-list\">\n<li>Canl\u0131 a\u011f\u0131rl\u0131k: Erkek: 110 &#8211; 135 kg ; Di\u015fi: 90 &#8211; 100 kg<\/li>\n\n\n\n<li>K\u0131zg\u0131nl\u0131k g\u00f6r\u00fclme ya\u015f\u0131: 5 ay<\/li>\n\n\n\n<li>Gebelik s\u00fcresi: 149 &#8211; 155 g\u00fcn<\/li>\n\n\n\n<li>Bir bat\u0131nda o\u011flak say\u0131s\u0131: 2.0<\/li>\n\n\n\n<li>Boer ke\u00e7isi X \u0130spanyol Ke\u00e7isi, Tiftik Ke\u00e7isi, Kiko Ke\u00e7isi, Nubiya Ke\u00e7ileri ile melezlemede olu\u015fan F1 ler 7\/8 Boer \u00f6zelli\u011fi ta\u015f\u0131r.<\/li>\n<\/ul>\n\n\n<div class=\"wp-block-image\">\n<figure class=\"aligncenter size-full\"><a href=\"https:\/\/veteriner.cc\/wp-content\/uploads\/2024\/06\/boer1.jpg\"><img loading=\"lazy\" decoding=\"async\" width=\"500\" height=\"368\" src=\"https:\/\/veteriner.cc\/wp-content\/uploads\/2024\/06\/boer1.jpg\" alt=\"\" class=\"wp-image-981\" srcset=\"https:\/\/veteriner.cc\/wp-content\/uploads\/2024\/06\/boer1.jpg 500w, https:\/\/veteriner.cc\/wp-content\/uploads\/2024\/06\/boer1-300x221.jpg 300w\" sizes=\"auto, (max-width: 500px) 100vw, 500px\" \/><\/a><\/figure>\n<\/div>\n\n\n<p><\/p>\n","protected":false},"excerpt":{"rendered":"<p>1900 y\u0131llar\u0131nda G\u00fcney Afrika&#8217;da Namaqua ve Fooku halk\u0131 taraf\u0131ndan Hindistan ve Avrupa ke\u00e7i \u0131rklar\u0131 ile melezleme sonucu elde edildi\u011fi san\u0131lmaktad\u0131r. D\u00fcnyan\u0131n bir\u00e7ok yerinde en sevilen et\u00e7il ke\u00e7i \u0131rk\u0131d\u0131r. Bu ke\u00e7i \u0131rk\u0131 ilk zamanlar Yeni Zelanda \u00fczerinden ihra\u00e7 ediliyordu. Daha sonralar\u0131 G\u00fcney Afrika&#8217;dan ihra\u00e7 edilmi\u015ftir. Et\u00e7il ke\u00e7i \u0131rklar\u0131 do\u011fa&#8217;da bak\u0131m\u0131 en az zahmetli hayvanlard\u0131r. Bu bol [&hellip;]<\/p>\n","protected":false},"author":5,"featured_media":978,"comment_status":"open","ping_status":"open","sticky":false,"template":"","format":"standard","meta":{"footnotes":""},"categories":[178,84],"tags":[116,118,119,117],"class_list":["post-976","post","type-post","status-publish","format-standard","has-post-thumbnail","hentry","category-keciirk","category-slider","tag-boer","tag-capri","tag-et","tag-keci"],"_links":{"self":[{"href":"https:\/\/veteriner.cc\/index.php?rest_route=\/wp\/v2\/posts\/976","targetHints":{"allow":["GET"]}}],"collection":[{"href":"https:\/\/veteriner.cc\/index.php?rest_route=\/wp\/v2\/posts"}],"about":[{"href":"https:\/\/veteriner.cc\/index.php?rest_route=\/wp\/v2\/types\/post"}],"author":[{"embeddable":true,"href":"https:\/\/veteriner.cc\/index.php?rest_route=\/wp\/v2\/users\/5"}],"replies":[{"embeddable":true,"href":"https:\/\/veteriner.cc\/index.php?rest_route=%2Fwp%2Fv2%2Fcomments&post=976"}],"version-history":[{"count":1,"href":"https:\/\/veteriner.cc\/index.php?rest_route=\/wp\/v2\/posts\/976\/revisions"}],"predecessor-version":[{"id":982,"href":"https:\/\/veteriner.cc\/index.php?rest_route=\/wp\/v2\/posts\/976\/revisions\/982"}],"wp:featuredmedia":[{"embeddable":true,"href":"https:\/\/veteriner.cc\/index.php?rest_route=\/wp\/v2\/media\/978"}],"wp:attachment":[{"href":"https:\/\/veteriner.cc\/index.php?rest_route=%2Fwp%2Fv2%2Fmedia&parent=976"}],"wp:term":[{"taxonomy":"category","embeddable":true,"href":"https:\/\/veteriner.cc\/index.php?rest_route=%2Fwp%2Fv2%2Fcategories&post=976"},{"taxonomy":"post_tag","embeddable":true,"href":"https:\/\/veteriner.cc\/index.php?rest_route=%2Fwp%2Fv2%2Ftags&post=976"}],"curies":[{"name":"wp","href":"https:\/\/api.w.org\/{rel}","templated":true}]}}