{"id":3323,"date":"2025-03-24T22:59:02","date_gmt":"2025-03-24T19:59:02","guid":{"rendered":"https:\/\/veteriner.cc\/?p=3323"},"modified":"2025-03-24T22:59:04","modified_gmt":"2025-03-24T19:59:04","slug":"herdwick-koyun-irki","status":"publish","type":"post","link":"https:\/\/veteriner.cc\/?p=3323","title":{"rendered":"HERDW\u0130CK KOYUN IRKI"},"content":{"rendered":"\n<p>\u00a0<\/p>\n\n\n<div class=\"wp-block-image\">\n<figure class=\"aligncenter size-full\"><a href=\"https:\/\/veteriner.cc\/wp-content\/uploads\/2025\/03\/herd3.jpg\"><img loading=\"lazy\" decoding=\"async\" width=\"800\" height=\"533\" src=\"https:\/\/veteriner.cc\/wp-content\/uploads\/2025\/03\/herd3.jpg\" alt=\"\" class=\"wp-image-3324\" srcset=\"https:\/\/veteriner.cc\/wp-content\/uploads\/2025\/03\/herd3.jpg 800w, https:\/\/veteriner.cc\/wp-content\/uploads\/2025\/03\/herd3-300x200.jpg 300w, https:\/\/veteriner.cc\/wp-content\/uploads\/2025\/03\/herd3-768x512.jpg 768w\" sizes=\"auto, (max-width: 800px) 100vw, 800px\" \/><\/a><\/figure>\n<\/div>\n\n\n<p>Asl\u0131 tam olarak bilinmese de Anavatan\u0131 kuzeybat\u0131 \u0130ngiltere&#8217;dir. 12. yy \u0131n \u00f6ncesinden beri bilinmektedir. 1000 m y\u00fckseklikte ya\u015farlar. 1916 y\u0131l\u0131nda birli\u011fi kurulmu\u015ftur. Bu \u0131rk\u0131n di\u015fileri <a href=\"https:\/\/veteriner.cc\/?p=1260\" data-type=\"link\" data-id=\"https:\/\/veteriner.cc\/?p=1260\" target=\"_blank\" rel=\"noreferrer noopener\">Suffolk<\/a>, <a href=\"https:\/\/veteriner.cc\/?p=2310\" data-type=\"link\" data-id=\"https:\/\/veteriner.cc\/?p=2310\" target=\"_blank\" rel=\"noreferrer noopener\">Cheviot<\/a>, <a href=\"https:\/\/veteriner.cc\/?p=2544\" data-type=\"link\" data-id=\"https:\/\/veteriner.cc\/?p=2544\" target=\"_blank\" rel=\"noreferrer noopener\">Charolais<\/a> ve <a href=\"https:\/\/veteriner.cc\/?p=2476\" data-type=\"link\" data-id=\"https:\/\/veteriner.cc\/?p=2476\" target=\"_blank\" rel=\"noreferrer noopener\">Texel<\/a> melezlemelerin de kullan\u0131lmaktad\u0131r.<\/p>\n\n\n<div class=\"wp-block-image\">\n<figure class=\"aligncenter size-full\"><a href=\"https:\/\/veteriner.cc\/wp-content\/uploads\/2025\/03\/herd.jpg\"><img loading=\"lazy\" decoding=\"async\" width=\"800\" height=\"533\" src=\"https:\/\/veteriner.cc\/wp-content\/uploads\/2025\/03\/herd.jpg\" alt=\"\" class=\"wp-image-3325\" srcset=\"https:\/\/veteriner.cc\/wp-content\/uploads\/2025\/03\/herd.jpg 800w, https:\/\/veteriner.cc\/wp-content\/uploads\/2025\/03\/herd-300x200.jpg 300w, https:\/\/veteriner.cc\/wp-content\/uploads\/2025\/03\/herd-768x512.jpg 768w\" sizes=\"auto, (max-width: 800px) 100vw, 800px\" \/><\/a><\/figure>\n<\/div>\n\n\n<p><strong>G\u00f6r\u00fcn\u00fcm \u00d6zellikleri :<\/strong><\/p>\n\n\n\n<ul class=\"wp-block-list\">\n<li>Renkleri beyaz, kahverengi ve gri kar\u0131\u015f\u0131k renklerdedir.<\/li>\n\n\n\n<li>Ba\u015f ve bacaklar beyazd\u0131r.<\/li>\n\n\n\n<li>Ufak yap\u0131l\u0131d\u0131r.<\/li>\n\n\n\n<li>Uzun y\u00fcnl\u00fcd\u00fcr.<\/li>\n\n\n\n<li>A\u011f\u0131r k\u0131\u015f \u015fartlar\u0131na dayan\u0131kl\u0131d\u0131r.<\/li>\n\n\n\n<li>Erkekler boynuzlu, di\u015filer boynuzsuzdur.<\/li>\n\n\n\n<li>A\u015f\u0131r\u0131 k\u0131\u015flarda %25 kuzu telefiyeti olabilir.<\/li>\n\n\n\n<li>Eti kalitelidir.<\/li>\n<\/ul>\n\n\n<div class=\"wp-block-image\">\n<figure class=\"aligncenter size-full\"><a href=\"https:\/\/veteriner.cc\/wp-content\/uploads\/2025\/03\/herd1.jpg\"><img loading=\"lazy\" decoding=\"async\" width=\"528\" height=\"439\" src=\"https:\/\/veteriner.cc\/wp-content\/uploads\/2025\/03\/herd1.jpg\" alt=\"\" class=\"wp-image-3326\" srcset=\"https:\/\/veteriner.cc\/wp-content\/uploads\/2025\/03\/herd1.jpg 528w, https:\/\/veteriner.cc\/wp-content\/uploads\/2025\/03\/herd1-300x249.jpg 300w\" sizes=\"auto, (max-width: 528px) 100vw, 528px\" \/><\/a><\/figure>\n<\/div>\n\n\n<p><strong>Verim \u00d6zellikleri :<\/strong><\/p>\n\n\n\n<ul class=\"wp-block-list\">\n<li>Canl\u0131 a\u011f\u0131rl\u0131k: Erkek: 65 &#8211; 75 kg ; Di\u015fi: 35 &#8211; 45 kg<\/li>\n\n\n\n<li>L\u00fcle uzunlu\u011fu: 15 &#8211; 20 cm<\/li>\n\n\n\n<li>Y\u00fcn verimi: 1.5 &#8211; 2 kg<\/li>\n\n\n\n<li>Y\u00fcn\u00fc hal\u0131 dokumac\u0131l\u0131\u011f\u0131nda kullan\u0131lmaktad\u0131r.<\/li>\n<\/ul>\n\n\n<div class=\"wp-block-image\">\n<figure class=\"aligncenter size-full\"><a href=\"https:\/\/veteriner.cc\/wp-content\/uploads\/2025\/03\/herd5.jpg\"><img loading=\"lazy\" decoding=\"async\" width=\"800\" height=\"534\" src=\"https:\/\/veteriner.cc\/wp-content\/uploads\/2025\/03\/herd5.jpg\" alt=\"\" class=\"wp-image-3327\" srcset=\"https:\/\/veteriner.cc\/wp-content\/uploads\/2025\/03\/herd5.jpg 800w, https:\/\/veteriner.cc\/wp-content\/uploads\/2025\/03\/herd5-300x200.jpg 300w, https:\/\/veteriner.cc\/wp-content\/uploads\/2025\/03\/herd5-768x513.jpg 768w\" sizes=\"auto, (max-width: 800px) 100vw, 800px\" \/><\/a><\/figure>\n<\/div>\n\n<div class=\"wp-block-image\">\n<figure class=\"aligncenter size-full\"><a href=\"https:\/\/veteriner.cc\/wp-content\/uploads\/2025\/03\/herd4.jpg\"><img loading=\"lazy\" decoding=\"async\" width=\"800\" height=\"546\" src=\"https:\/\/veteriner.cc\/wp-content\/uploads\/2025\/03\/herd4.jpg\" alt=\"\" class=\"wp-image-3328\" srcset=\"https:\/\/veteriner.cc\/wp-content\/uploads\/2025\/03\/herd4.jpg 800w, https:\/\/veteriner.cc\/wp-content\/uploads\/2025\/03\/herd4-300x205.jpg 300w, https:\/\/veteriner.cc\/wp-content\/uploads\/2025\/03\/herd4-768x524.jpg 768w\" sizes=\"auto, (max-width: 800px) 100vw, 800px\" \/><\/a><\/figure>\n<\/div>\n\n<div class=\"wp-block-image\">\n<figure class=\"aligncenter size-full\"><a href=\"https:\/\/veteriner.cc\/wp-content\/uploads\/2025\/03\/herd9.jpg\"><img loading=\"lazy\" decoding=\"async\" width=\"395\" height=\"284\" src=\"https:\/\/veteriner.cc\/wp-content\/uploads\/2025\/03\/herd9.jpg\" alt=\"\" class=\"wp-image-3329\" srcset=\"https:\/\/veteriner.cc\/wp-content\/uploads\/2025\/03\/herd9.jpg 395w, https:\/\/veteriner.cc\/wp-content\/uploads\/2025\/03\/herd9-300x216.jpg 300w\" sizes=\"auto, (max-width: 395px) 100vw, 395px\" \/><\/a><\/figure>\n<\/div>\n\n<div class=\"wp-block-image\">\n<figure class=\"aligncenter size-full\"><a href=\"https:\/\/veteriner.cc\/wp-content\/uploads\/2025\/03\/herd8.jpg\"><img loading=\"lazy\" decoding=\"async\" width=\"300\" height=\"200\" src=\"https:\/\/veteriner.cc\/wp-content\/uploads\/2025\/03\/herd8.jpg\" alt=\"\" class=\"wp-image-3330\"\/><\/a><\/figure>\n<\/div>\n\n<div class=\"wp-block-image\">\n<figure class=\"aligncenter size-full\"><a href=\"https:\/\/veteriner.cc\/wp-content\/uploads\/2025\/03\/herd7.jpg\"><img loading=\"lazy\" decoding=\"async\" width=\"400\" height=\"295\" src=\"https:\/\/veteriner.cc\/wp-content\/uploads\/2025\/03\/herd7.jpg\" alt=\"\" class=\"wp-image-3331\" srcset=\"https:\/\/veteriner.cc\/wp-content\/uploads\/2025\/03\/herd7.jpg 400w, https:\/\/veteriner.cc\/wp-content\/uploads\/2025\/03\/herd7-300x221.jpg 300w\" sizes=\"auto, (max-width: 400px) 100vw, 400px\" \/><\/a><\/figure>\n<\/div>","protected":false},"excerpt":{"rendered":"<p>\u00a0 Asl\u0131 tam olarak bilinmese de Anavatan\u0131 kuzeybat\u0131 \u0130ngiltere&#8217;dir. 12. yy \u0131n \u00f6ncesinden beri bilinmektedir. 1000 m y\u00fckseklikte ya\u015farlar. 1916 y\u0131l\u0131nda birli\u011fi kurulmu\u015ftur. Bu \u0131rk\u0131n di\u015fileri Suffolk, Cheviot, Charolais ve Texel melezlemelerin de kullan\u0131lmaktad\u0131r. G\u00f6r\u00fcn\u00fcm \u00d6zellikleri : Verim \u00d6zellikleri :<\/p>\n","protected":false},"author":5,"featured_media":3327,"comment_status":"open","ping_status":"open","sticky":false,"template":"","format":"standard","meta":{"footnotes":""},"categories":[86,177],"tags":[736,222,115],"class_list":["post-3323","post","type-post","status-publish","format-standard","has-post-thumbnail","hentry","category-hayirk","category-koyunirk","tag-herdwick","tag-irki","tag-koyun"],"_links":{"self":[{"href":"https:\/\/veteriner.cc\/index.php?rest_route=\/wp\/v2\/posts\/3323","targetHints":{"allow":["GET"]}}],"collection":[{"href":"https:\/\/veteriner.cc\/index.php?rest_route=\/wp\/v2\/posts"}],"about":[{"href":"https:\/\/veteriner.cc\/index.php?rest_route=\/wp\/v2\/types\/post"}],"author":[{"embeddable":true,"href":"https:\/\/veteriner.cc\/index.php?rest_route=\/wp\/v2\/users\/5"}],"replies":[{"embeddable":true,"href":"https:\/\/veteriner.cc\/index.php?rest_route=%2Fwp%2Fv2%2Fcomments&post=3323"}],"version-history":[{"count":1,"href":"https:\/\/veteriner.cc\/index.php?rest_route=\/wp\/v2\/posts\/3323\/revisions"}],"predecessor-version":[{"id":3332,"href":"https:\/\/veteriner.cc\/index.php?rest_route=\/wp\/v2\/posts\/3323\/revisions\/3332"}],"wp:featuredmedia":[{"embeddable":true,"href":"https:\/\/veteriner.cc\/index.php?rest_route=\/wp\/v2\/media\/3327"}],"wp:attachment":[{"href":"https:\/\/veteriner.cc\/index.php?rest_route=%2Fwp%2Fv2%2Fmedia&parent=3323"}],"wp:term":[{"taxonomy":"category","embeddable":true,"href":"https:\/\/veteriner.cc\/index.php?rest_route=%2Fwp%2Fv2%2Fcategories&post=3323"},{"taxonomy":"post_tag","embeddable":true,"href":"https:\/\/veteriner.cc\/index.php?rest_route=%2Fwp%2Fv2%2Ftags&post=3323"}],"curies":[{"name":"wp","href":"https:\/\/api.w.org\/{rel}","templated":true}]}}