{"id":1695,"date":"2024-06-27T18:11:36","date_gmt":"2024-06-27T15:11:36","guid":{"rendered":"https:\/\/veteriner.cc\/?p=1695"},"modified":"2024-07-13T17:41:55","modified_gmt":"2024-07-13T14:41:55","slug":"brangus-sigir-irki","status":"publish","type":"post","link":"https:\/\/veteriner.cc\/?p=1695","title":{"rendered":"BRANGUS SI\u011eIR IRKI"},"content":{"rendered":"<div class=\"wp-block-image\">\n<figure class=\"aligncenter size-full is-resized\"><a href=\"https:\/\/veteriner.cc\/wp-content\/uploads\/2024\/06\/United-States.png\"><img loading=\"lazy\" decoding=\"async\" width=\"256\" height=\"256\" src=\"https:\/\/veteriner.cc\/wp-content\/uploads\/2024\/06\/United-States.png\" alt=\"\" class=\"wp-image-1701\" style=\"width:56px;height:auto\" srcset=\"https:\/\/veteriner.cc\/wp-content\/uploads\/2024\/06\/United-States.png 256w, https:\/\/veteriner.cc\/wp-content\/uploads\/2024\/06\/United-States-150x150.png 150w\" sizes=\"auto, (max-width: 256px) 100vw, 256px\" \/><\/a><\/figure>\n<\/div>\n\n\n<p>Brangus \u0131rk\u0131 1912&#8217;de Amerika&#8217;daki yeti\u015ftiriciler taraf\u0131ndan 3\/8 <a href=\"https:\/\/veteriner.cc\/?p=1346\" target=\"_blank\" rel=\"noopener\" title=\"\">Brahman<\/a> \u0131rk\u0131, 5\/8 <a href=\"https:\/\/veteriner.cc\/?p=1131\" target=\"_blank\" rel=\"noopener\" title=\"\">Angus<\/a> \u0131rk\u0131 s\u0131\u011f\u0131r&#8217;dan olu\u015fturulmu\u015ftur. Buradaki ama\u00e7 <a href=\"https:\/\/veteriner.cc\/?p=1131\" target=\"_blank\" rel=\"noopener\" title=\"\">Angus<\/a> kadar karkas \u00f6zelli\u011fi ve g\u00fc\u00e7l\u00fc yap\u0131s\u0131ndan; <a href=\"https:\/\/veteriner.cc\/?p=1346\" target=\"_blank\" rel=\"noopener\" title=\"\">Brahman<\/a> kadar zor \u015fartlara dayan\u0131kl\u0131l\u0131k, y\u00fcksek d\u00f6l verim \u00f6zelli\u011fi ve bir\u00e7ok s\u0131\u011f\u0131r \u0131rklar\u0131ndan daha geli\u015fmi\u015f annelik i\u00e7g\u00fcd\u00fcs\u00fcnden faydalanmakt\u0131r.<\/p>\n\n\n<div class=\"wp-block-image\">\n<figure class=\"aligncenter size-full\"><a href=\"https:\/\/veteriner.cc\/wp-content\/uploads\/2024\/06\/brangus.jpg\"><img loading=\"lazy\" decoding=\"async\" width=\"675\" height=\"506\" src=\"https:\/\/veteriner.cc\/wp-content\/uploads\/2024\/06\/brangus.jpg\" alt=\"\" class=\"wp-image-1696\" srcset=\"https:\/\/veteriner.cc\/wp-content\/uploads\/2024\/06\/brangus.jpg 675w, https:\/\/veteriner.cc\/wp-content\/uploads\/2024\/06\/brangus-300x225.jpg 300w\" sizes=\"auto, (max-width: 675px) 100vw, 675px\" \/><\/a><\/figure>\n<\/div>\n\n\n<p>02.07.1949 y\u0131l\u0131nda 16 eyaletten ve 1 Kanada&#8217;dan b\u00fcy\u00fck yeti\u015ftiriciler Brangus \u0131rk\u0131 i\u00e7in Oklahoma eyaletinin Vinita kentinde bir araya gelmi\u015flerdir. Bu toplanman\u0131n sonucunda &#8221; IBBA &#8221; (Amerikan Brangus Breeders Assocoition) birli\u011fi kurmu\u015flard\u0131r. Bu birlik 1973&#8217;de geni\u015fletilerek merkez Kansas city&#8217;de yeniden yap\u0131land\u0131r\u0131lm\u0131\u015ft\u0131r. Bu birli\u011fe Missouri, San Antonio ve Texas dahil olmu\u015ftur. G\u00fcn\u00fcm\u00fczde bunlara Kanada, Meksika, Avustralya, Orta Amerika, Arjantin ve Zimbabwe de kat\u0131lm\u0131\u015ft\u0131r.<\/p>\n\n\n<div class=\"wp-block-image\">\n<figure class=\"aligncenter size-full\"><a href=\"https:\/\/veteriner.cc\/wp-content\/uploads\/2024\/06\/brangus4.jpg\"><img loading=\"lazy\" decoding=\"async\" width=\"600\" height=\"400\" src=\"https:\/\/veteriner.cc\/wp-content\/uploads\/2024\/06\/brangus4.jpg\" alt=\"\" class=\"wp-image-1697\" srcset=\"https:\/\/veteriner.cc\/wp-content\/uploads\/2024\/06\/brangus4.jpg 600w, https:\/\/veteriner.cc\/wp-content\/uploads\/2024\/06\/brangus4-300x200.jpg 300w\" sizes=\"auto, (max-width: 600px) 100vw, 600px\" \/><\/a><\/figure>\n<\/div>\n\n\n<p>Louisiana&#8217;daki bir ara\u015ft\u0131rma merkezi sonu\u00e7lar\u0131na g\u00f6re yaz aylar\u0131nda Brangus inekleri kilo art\u0131\u015f\u0131 g\u00f6sterirken, <a href=\"https:\/\/veteriner.cc\/?p=1131\" target=\"_blank\" rel=\"noopener\" title=\"\">Angus<\/a> ineklerde kilo kayb\u0131 g\u00f6r\u00fclm\u00fc\u015ft\u00fcr. B\u00f6ylece Brangus \u0131rk\u0131 nemli iklimlere daha yatk\u0131n oldu\u011fu ortaya \u00e7\u0131km\u0131\u015ft\u0131r. Do\u011fan buza\u011f\u0131lar daha dayan\u0131kl\u0131 ve daha yap\u0131l\u0131 do\u011farlar. Brangus s\u0131\u011f\u0131r\u0131 s\u0131ca\u011fa ve nemli havaya kar\u015f\u0131 kendini ispatlam\u0131\u015ft\u0131r.<\/p>\n\n\n<div class=\"wp-block-image\">\n<figure class=\"aligncenter size-full\"><a href=\"https:\/\/veteriner.cc\/wp-content\/uploads\/2024\/06\/brangus8.jpg\"><img loading=\"lazy\" decoding=\"async\" width=\"800\" height=\"600\" src=\"https:\/\/veteriner.cc\/wp-content\/uploads\/2024\/06\/brangus8.jpg\" alt=\"\" class=\"wp-image-1698\" srcset=\"https:\/\/veteriner.cc\/wp-content\/uploads\/2024\/06\/brangus8.jpg 800w, https:\/\/veteriner.cc\/wp-content\/uploads\/2024\/06\/brangus8-300x225.jpg 300w, https:\/\/veteriner.cc\/wp-content\/uploads\/2024\/06\/brangus8-768x576.jpg 768w\" sizes=\"auto, (max-width: 800px) 100vw, 800px\" \/><\/a><\/figure>\n<\/div>\n\n\n<p><strong>G\u00f6r\u00fcn\u00fcm \u00d6zelli\u011fi:<\/strong><\/p>\n\n\n\n<ul class=\"wp-block-list\">\n<li>Rengi siyah veya k\u0131rm\u0131z\u0131d\u0131r.<\/li>\n\n\n\n<li>Erkek ve di\u015fileri do\u011fu\u015ftan boynuzsuzdur.<\/li>\n\n\n\n<li>Annelik i\u00e7g\u00fcd\u00fcs\u00fc \u00e7ok iyi<\/li>\n\n\n\n<li>Zor \u015fartlara \u00fcst\u00fcn dayan\u0131kl\u0131l\u0131k.<\/li>\n\n\n\n<li>Y\u00fcksek d\u00f6l verim \u00f6zelli\u011fi.<\/li>\n\n\n\n<li>Sakin ve uysal yap\u0131d\u0131rlar.<\/li>\n<\/ul>\n\n\n<div class=\"wp-block-image\">\n<figure class=\"aligncenter size-full\"><a href=\"https:\/\/veteriner.cc\/wp-content\/uploads\/2024\/06\/brangus5.jpg\"><img loading=\"lazy\" decoding=\"async\" width=\"800\" height=\"600\" src=\"https:\/\/veteriner.cc\/wp-content\/uploads\/2024\/06\/brangus5.jpg\" alt=\"\" class=\"wp-image-1699\" srcset=\"https:\/\/veteriner.cc\/wp-content\/uploads\/2024\/06\/brangus5.jpg 800w, https:\/\/veteriner.cc\/wp-content\/uploads\/2024\/06\/brangus5-300x225.jpg 300w, https:\/\/veteriner.cc\/wp-content\/uploads\/2024\/06\/brangus5-768x576.jpg 768w\" sizes=\"auto, (max-width: 800px) 100vw, 800px\" \/><\/a><\/figure>\n<\/div>\n\n\n<p><strong>Verim \u00d6zellikleri:<\/strong><\/p>\n\n\n\n<ul class=\"wp-block-list\">\n<li>Canl\u0131 a\u011f\u0131rl\u0131k: 615 kg\/12 ayl\u0131k erkek<\/li>\n\n\n\n<li>Buza\u011f\u0131 do\u011fum a\u011f\u0131rl\u0131\u011f\u0131: 40 kg<\/li>\n<\/ul>\n\n\n<div class=\"wp-block-image\">\n<figure class=\"aligncenter size-full\"><a href=\"https:\/\/veteriner.cc\/wp-content\/uploads\/2024\/06\/brangus1.jpg\"><img loading=\"lazy\" decoding=\"async\" width=\"640\" height=\"363\" src=\"https:\/\/veteriner.cc\/wp-content\/uploads\/2024\/06\/brangus1.jpg\" alt=\"\" class=\"wp-image-1700\" srcset=\"https:\/\/veteriner.cc\/wp-content\/uploads\/2024\/06\/brangus1.jpg 640w, https:\/\/veteriner.cc\/wp-content\/uploads\/2024\/06\/brangus1-300x170.jpg 300w\" sizes=\"auto, (max-width: 640px) 100vw, 640px\" \/><\/a><\/figure>\n<\/div>\n\n\n<p><\/p>\n","protected":false},"excerpt":{"rendered":"<p>Brangus \u0131rk\u0131 1912&#8217;de Amerika&#8217;daki yeti\u015ftiriciler taraf\u0131ndan 3\/8 Brahman \u0131rk\u0131, 5\/8 Angus \u0131rk\u0131 s\u0131\u011f\u0131r&#8217;dan olu\u015fturulmu\u015ftur. Buradaki ama\u00e7 Angus kadar karkas \u00f6zelli\u011fi ve g\u00fc\u00e7l\u00fc yap\u0131s\u0131ndan; Brahman kadar zor \u015fartlara dayan\u0131kl\u0131l\u0131k, y\u00fcksek d\u00f6l verim \u00f6zelli\u011fi ve bir\u00e7ok s\u0131\u011f\u0131r \u0131rklar\u0131ndan daha geli\u015fmi\u015f annelik i\u00e7g\u00fcd\u00fcs\u00fcnden faydalanmakt\u0131r. 02.07.1949 y\u0131l\u0131nda 16 eyaletten ve 1 Kanada&#8217;dan b\u00fcy\u00fck yeti\u015ftiriciler Brangus \u0131rk\u0131 i\u00e7in Oklahoma eyaletinin [&hellip;]<\/p>\n","protected":false},"author":5,"featured_media":1697,"comment_status":"open","ping_status":"open","sticky":false,"template":"","format":"standard","meta":{"footnotes":""},"categories":[86,176,84],"tags":[416,222,95],"class_list":["post-1695","post","type-post","status-publish","format-standard","has-post-thumbnail","hentry","category-hayirk","category-sigir-hayirk","category-slider","tag-brangus","tag-irki","tag-sigir"],"_links":{"self":[{"href":"https:\/\/veteriner.cc\/index.php?rest_route=\/wp\/v2\/posts\/1695","targetHints":{"allow":["GET"]}}],"collection":[{"href":"https:\/\/veteriner.cc\/index.php?rest_route=\/wp\/v2\/posts"}],"about":[{"href":"https:\/\/veteriner.cc\/index.php?rest_route=\/wp\/v2\/types\/post"}],"author":[{"embeddable":true,"href":"https:\/\/veteriner.cc\/index.php?rest_route=\/wp\/v2\/users\/5"}],"replies":[{"embeddable":true,"href":"https:\/\/veteriner.cc\/index.php?rest_route=%2Fwp%2Fv2%2Fcomments&post=1695"}],"version-history":[{"count":1,"href":"https:\/\/veteriner.cc\/index.php?rest_route=\/wp\/v2\/posts\/1695\/revisions"}],"predecessor-version":[{"id":1702,"href":"https:\/\/veteriner.cc\/index.php?rest_route=\/wp\/v2\/posts\/1695\/revisions\/1702"}],"wp:featuredmedia":[{"embeddable":true,"href":"https:\/\/veteriner.cc\/index.php?rest_route=\/wp\/v2\/media\/1697"}],"wp:attachment":[{"href":"https:\/\/veteriner.cc\/index.php?rest_route=%2Fwp%2Fv2%2Fmedia&parent=1695"}],"wp:term":[{"taxonomy":"category","embeddable":true,"href":"https:\/\/veteriner.cc\/index.php?rest_route=%2Fwp%2Fv2%2Fcategories&post=1695"},{"taxonomy":"post_tag","embeddable":true,"href":"https:\/\/veteriner.cc\/index.php?rest_route=%2Fwp%2Fv2%2Ftags&post=1695"}],"curies":[{"name":"wp","href":"https:\/\/api.w.org\/{rel}","templated":true}]}}